{"id":1224,"date":"2025-08-20T15:54:39","date_gmt":"2025-08-20T13:54:39","guid":{"rendered":"https:\/\/nonotu.com\/blog\/?p=1224"},"modified":"2025-08-20T15:54:39","modified_gmt":"2025-08-20T13:54:39","slug":"textiles-con-alma-para-la-cuna-stokke-sleepi-asi-queda-la-coleccion-en-casa-de-giorgia-righetti","status":"publish","type":"post","link":"https:\/\/nonotu.com\/blog\/textiles-con-alma-para-la-cuna-stokke-sleepi-asi-queda-la-coleccion-en-casa-de-giorgia-righetti\/","title":{"rendered":"Textiles con alma para la cuna Stokke Sleepi: As\u00ed queda la colecci\u00f3n en casa de Giorgia Righetti"},"content":{"rendered":"<p>Hay algo especial en los primeros d\u00edas con un beb\u00e9 en casa.<br \/>\nTodo se vuelve m\u00e1s suave, m\u00e1s lento, m\u00e1s \u00edntimo.<\/p>\n<p>Por eso, cuando decidimos crear nuestra colecci\u00f3n de textiles para la cuna Stokke Sleepi, sab\u00edamos que no se trataba solo de dise\u00f1ar s\u00e1banas o protectores.<br \/>\nQuer\u00edamos ofrecer piezas que abrazaran.<br \/>\nQue cuidaran la piel, pero tambi\u00e9n el entorno.<br \/>\nQue hicieran del espacio de descanso un lugar lleno de ternura.<\/p>\n<p>Y tuvimos la suerte de contar con alguien que entiende muy bien esa forma de habitar.<\/p>\n<p>Ella acaba de ser mam\u00e1. Vive en Barcelona, y su hogar es una mezcla preciosa entre lo funcional y lo po\u00e9tico. Tambi\u00e9n es la fundadora de Les Eines, una tienda de muebles y objetos de dise\u00f1o donde cada pieza tiene alma.<br \/>\nNos abri\u00f3 las puertas de su casa para fotografiar esta colecci\u00f3n.<br \/>\nY as\u00ed, con su mirada, pudimos mostrar estos textiles tal como fueron pensados: para envolver con delicadeza los primeros sue\u00f1os de un beb\u00e9.<\/p>\n<blockquote>\n<h5>\u00abTodo en esta cuna respira calidad: Tejidos de algod\u00f3n natural ligeros suaves y luminosos. Cada pieza respira frescura y est\u00e1 hecha al detalle. Cuando volvimos del hospital, con esa sensaci\u00f3n de que todo era demasiado para un reci\u00e9n nacido, el \u00fanico sitio donde sent\u00eda que mi beb\u00e9 estaba bien era aqu\u00ed, entre los tejidos de Nonot\u00fa. El protector acolchado es comod\u00edsimo, el dosel le da un toque precioso, y la bolsita lateral con bolsillos me salva el d\u00eda a dia\u00bb<\/h5>\n<h5>Giorgia Righetti.<\/h5>\n<\/blockquote>\n<p><img loading=\"lazy\" decoding=\"async\" class=\"alignnone size-full wp-image-1225\" src=\"https:\/\/nonotu.com\/blog\/wp-content\/uploads\/2025\/07\/Fotos-articulo.jpg\" alt=\"\" width=\"2436\" height=\"1035\" srcset=\"https:\/\/nonotu.com\/blog\/wp-content\/uploads\/2025\/07\/Fotos-articulo.jpg 2436w, https:\/\/nonotu.com\/blog\/wp-content\/uploads\/2025\/07\/Fotos-articulo-1280x544.jpg 1280w, https:\/\/nonotu.com\/blog\/wp-content\/uploads\/2025\/07\/Fotos-articulo-980x416.jpg 980w, https:\/\/nonotu.com\/blog\/wp-content\/uploads\/2025\/07\/Fotos-articulo-480x204.jpg 480w\" sizes=\"(min-width: 0px) and (max-width: 480px) 480px, (min-width: 481px) and (max-width: 980px) 980px, (min-width: 981px) and (max-width: 1280px) 1280px, (min-width: 1281px) 2436px, 100vw\" \/><\/p>\n<h2>\u00bfQu\u00e9 incluye la colecci\u00f3n textiles para Stokke Sleepi?<\/h2>\n<p>Toda la colecci\u00f3n est\u00e1 confeccionada de forma artesanal en nuestro taller, con tejidos suaves y seguros para la piel del beb\u00e9.<\/p>\n<ol>\n<li style=\"list-style-type: none\">\n<ol>\n<li>\n<h3><strong>Protector de cuna adaptado al tama\u00f1o ovalado de Stokke Sleepi<\/strong>:<\/h3>\n<p>Hecho con materiales transpirables y acolchado en su justa medida para proteger sin sobrecargar.<\/p>\n<p>(<a href=\"https:\/\/nonotu.com\/es\/textiles-para-stokke-sleepi\/214-2124-protector-para-stokke-calma.html#\/87-complemento_stokke-minicuna\">Protector Calma<\/a> para minicuna Stokke)<\/li>\n<li>\n<h3><strong>S\u00e1banas bajeras para Stokke Sleepi Mini y Stokke Sleepi<\/strong>:<\/h3>\n<p>Disponibles en diferentes colores, suaves al tacto, f\u00e1ciles de colocar y resistentes a lavados frecuentes.<\/p>\n<p>(<a href=\"https:\/\/nonotu.com\/es\/textiles-para-stokke-sleepi\/221-bajera-para-minicuna-stokke-calma.html\">S\u00e1bana bajera<\/a> para minicuna Stokke Calma)<\/li>\n<li>\n<h3><strong>Sacos de dormir combinables<\/strong>:<\/h3>\n<p>C\u00f3modos, calentitos y dise\u00f1ados para que el descanso sea seguro desde los primeros meses.<\/p>\n<p>(<a href=\"https:\/\/nonotu.com\/es\/textiles-para-stokke-sleepi\/226-saco-minicuna-stokke-olive.html\">Saco<\/a> para cuna Stokke, modelo Calma)<\/li>\n<li>\n<h3><strong>Dosel para cuna Stokke<\/strong>:<\/h3>\n<p>Ligero, con ca\u00edda delicada. Aporta calidez, suaviza la luz y crea un ambiente de refugio.<br \/>\n(Disponible en gasas de algod\u00f3n en tonos neutros o naturales).<\/p>\n<p>(<a href=\"https:\/\/nonotu.com\/es\/textiles-para-stokke-sleepi\/230-dosel-para-cuna-stokke-sleepi-calma.html\">Dosel<\/a> modelo Calma para la minicuna Stokke)<\/li>\n<\/ol>\n<\/li>\n<\/ol>\n<p>Cada pieza est\u00e1 pensada para adaptarse a las medidas espec\u00edficas del modelo Stokke Sleepi, cuidando cada detalle para que encaje sin tensiones ni huecos.<\/p>\n<p><img loading=\"lazy\" decoding=\"async\" class=\"alignnone size-full wp-image-1243\" src=\"https:\/\/nonotu.com\/blog\/wp-content\/uploads\/2025\/08\/Fotos-articulo-4.jpg\" alt=\"\" width=\"2436\" height=\"1035\" srcset=\"https:\/\/nonotu.com\/blog\/wp-content\/uploads\/2025\/08\/Fotos-articulo-4.jpg 2436w, https:\/\/nonotu.com\/blog\/wp-content\/uploads\/2025\/08\/Fotos-articulo-4-1280x544.jpg 1280w, https:\/\/nonotu.com\/blog\/wp-content\/uploads\/2025\/08\/Fotos-articulo-4-980x416.jpg 980w, https:\/\/nonotu.com\/blog\/wp-content\/uploads\/2025\/08\/Fotos-articulo-4-480x204.jpg 480w\" sizes=\"(min-width: 0px) and (max-width: 480px) 480px, (min-width: 481px) and (max-width: 980px) 980px, (min-width: 981px) and (max-width: 1280px) 1280px, (min-width: 1281px) 2436px, 100vw\" \/><\/p>\n<p>Un lugar que cuida, un tejido que arropa<br \/>\nLas im\u00e1genes de esta colecci\u00f3n no son de cat\u00e1logo.<br \/>\nSon reales.<br \/>\nEst\u00e1n hechas en casa, con una beb\u00e9 reci\u00e9n nacida, con la luz entrando por la ventana y una atm\u00f3sfera que solo ocurre cuando el amor est\u00e1 en todas partes.<\/p>\n<p>Porque al final, eso es lo que buscamos con Nonot\u00fa:<br \/>\nacompa\u00f1ar momentos cotidianos que, sin darnos cuenta, se convierten en inolvidables.<\/p>\n<p>\ud83d\udc9b Descubre <a href=\"https:\/\/nonotu.com\/es\/21-textiles-para-stokke-sleepi\">aqu\u00ed<\/a> la colecci\u00f3n completa para Stokke Sleepi<br \/>\nY d\u00e9jate inspirar por un espacio que abraza desde lo esencial.<\/p>\n<p>&nbsp;<\/p>\n","protected":false},"excerpt":{"rendered":"<p>Hay algo especial en los primeros d\u00edas con un beb\u00e9 en casa. Todo se vuelve m\u00e1s suave, m\u00e1s lento, m\u00e1s \u00edntimo. Por eso, cuando decidimos crear nuestra colecci\u00f3n de textiles para la cuna Stokke Sleepi, sab\u00edamos que no se trataba solo de dise\u00f1ar s\u00e1banas o protectores. Quer\u00edamos ofrecer piezas que abrazaran. Que cuidaran la piel, [&hellip;]<\/p>\n","protected":false},"author":2,"featured_media":1244,"comment_status":"open","ping_status":"open","sticky":false,"template":"","format":"standard","meta":{"inline_featured_image":false,"footnotes":""},"categories":[1],"tags":[],"class_list":["post-1224","post","type-post","status-publish","format-standard","has-post-thumbnail","hentry","category-futura-mama"],"_links":{"self":[{"href":"https:\/\/nonotu.com\/blog\/wp-json\/wp\/v2\/posts\/1224","targetHints":{"allow":["GET"]}}],"collection":[{"href":"https:\/\/nonotu.com\/blog\/wp-json\/wp\/v2\/posts"}],"about":[{"href":"https:\/\/nonotu.com\/blog\/wp-json\/wp\/v2\/types\/post"}],"author":[{"embeddable":true,"href":"https:\/\/nonotu.com\/blog\/wp-json\/wp\/v2\/users\/2"}],"replies":[{"embeddable":true,"href":"https:\/\/nonotu.com\/blog\/wp-json\/wp\/v2\/comments?post=1224"}],"version-history":[{"count":13,"href":"https:\/\/nonotu.com\/blog\/wp-json\/wp\/v2\/posts\/1224\/revisions"}],"predecessor-version":[{"id":1246,"href":"https:\/\/nonotu.com\/blog\/wp-json\/wp\/v2\/posts\/1224\/revisions\/1246"}],"wp:featuredmedia":[{"embeddable":true,"href":"https:\/\/nonotu.com\/blog\/wp-json\/wp\/v2\/media\/1244"}],"wp:attachment":[{"href":"https:\/\/nonotu.com\/blog\/wp-json\/wp\/v2\/media?parent=1224"}],"wp:term":[{"taxonomy":"category","embeddable":true,"href":"https:\/\/nonotu.com\/blog\/wp-json\/wp\/v2\/categories?post=1224"},{"taxonomy":"post_tag","embeddable":true,"href":"https:\/\/nonotu.com\/blog\/wp-json\/wp\/v2\/tags?post=1224"}],"curies":[{"name":"wp","href":"https:\/\/api.w.org\/{rel}","templated":true}]}}