{"id":1157,"date":"2024-08-31T09:30:12","date_gmt":"2024-08-31T09:30:12","guid":{"rendered":"https:\/\/nonotu.com\/blog\/?p=1157"},"modified":"2024-08-24T09:43:21","modified_gmt":"2024-08-24T09:43:21","slug":"sacos-de-dormir-nonotu","status":"publish","type":"post","link":"https:\/\/nonotu.com\/blog\/sacos-de-dormir-nonotu\/","title":{"rendered":"Todo sobre los sacos de dormir para beb\u00e9s de Nonot\u00fa"},"content":{"rendered":"<p>El verano est\u00e1 llegando a su fin y con la llegada del oto\u00f1o a la vuelta de la esquina, he querido preparar este journal para contarte todo sobre uno de los textiles que m\u00e1s utilizar\u00e1s y que m\u00e1s \u00fatiles me parecen cuando tienes un beb\u00e9 en las \u00e9pocas del a\u00f1o de fr\u00edo o entretiempo: <strong>un saco de dormir.<\/strong><\/p>\n<p><strong>\u00a0<\/strong>Antes de nada decirte que un saco de dormir de beb\u00e9 no es como un saco de dormir de adulto como igual te puedes estar imaginando. Una de las caracter\u00edsticas principales que tienen es que no tienen mangas y se ponen de una forma m\u00e1s parecida a un chaleco. Se cierran y abren por los laterales y cuentan con una cremallera que recorre todo el saco para que sea s\u00faper f\u00e1cil quitarlo y ponerlo, \u00bfY lo mejor? <strong>Puedes cambiarle el pa\u00f1al a tu beb\u00e9 sin tener que quit\u00e1rselo<\/strong> (lo cual agradecer\u00e1s para el cambio de la noche despu\u00e9s de la toma).<\/p>\n<p>Igual tambi\u00e9n te est\u00e1s preguntado <strong>por qu\u00e9 nuestros sacos no llevan mangas<\/strong> si en invierno hace fr\u00edo, pero hay una raz\u00f3n de peso. Los beb\u00e9s reci\u00e9n nacidos a\u00fan no tienen la capacidad de autorregular su temperatura corporal como hacemos los adultos y, al tener los bracitos destapados, ellos pueden mantener una temperatura estable reduciendo el sobrecalentamiento (lo cual es crucial para reducir los riesgos de muerte s\u00fabita en lactante).<\/p>\n<p>Otra <strong>caracter\u00edstica fundamental que es importante que tengas en cuenta a la hora de elegir un saco de dormir para tu beb\u00e9 <\/strong>-adem\u00e1s del tema de las mangas- <strong>es el material y tejido con el que est\u00e1 hecho<\/strong>. En Nonot\u00fa todos nuestros textiles \u2013 y tambi\u00e9n los sacos de dormir &#8211; est\u00e1n confeccionados con tejido de bambula de algod\u00f3n org\u00e1nico 100% que es respetuoso con la piel de tu beb\u00e9, suave, y transpirable. Yo te recomiendo que evites materiales sint\u00e9ticos y apuestes siempre por tejidos naturales.<\/p>\n<p>Nuestra <strong><a href=\"https:\/\/nonotu.com\/es\/7-sacos-de-dormir-bebe\">colecci\u00f3n de sacos de dormir<\/a><\/strong> est\u00e1 compuesta por <strong>cuatro dise\u00f1os<\/strong> disponibles en dos tallas \u2013 de 0 a 6 meses y de 6 a 18 meses &#8211; y en tres grosores o TOG\u00b4s, seg\u00fan sea de fr\u00edo el lugar en el que vives.<\/p>\n<p>&nbsp;<\/p>\n<p><img loading=\"lazy\" decoding=\"async\" class=\"alignnone wp-image-1159 size-full\" src=\"https:\/\/nonotu.com\/blog\/wp-content\/uploads\/2024\/08\/Los-elegir-textiles-en-verano-1-e1722684584881.jpg\" alt=\"\" width=\"2000\" height=\"1505\" srcset=\"https:\/\/nonotu.com\/blog\/wp-content\/uploads\/2024\/08\/Los-elegir-textiles-en-verano-1-e1722684584881.jpg 2000w, https:\/\/nonotu.com\/blog\/wp-content\/uploads\/2024\/08\/Los-elegir-textiles-en-verano-1-e1722684584881-1280x720.jpg 1280w, https:\/\/nonotu.com\/blog\/wp-content\/uploads\/2024\/08\/Los-elegir-textiles-en-verano-1-e1722684584881-980x551.jpg 980w, https:\/\/nonotu.com\/blog\/wp-content\/uploads\/2024\/08\/Los-elegir-textiles-en-verano-1-e1722684584881-480x270.jpg 480w\" sizes=\"(min-width: 0px) and (max-width: 480px) 480px, (min-width: 481px) and (max-width: 980px) 980px, (min-width: 981px) and (max-width: 1280px) 1280px, (min-width: 1281px) 2000px, 100vw\" \/><\/p>\n<p><img loading=\"lazy\" decoding=\"async\" class=\"alignnone wp-image-1171 size-full\" src=\"https:\/\/nonotu.com\/blog\/wp-content\/uploads\/2024\/08\/Los-elegir-textiles-en-verano-4.jpg\" alt=\"\" width=\"2000\" height=\"1600\" srcset=\"https:\/\/nonotu.com\/blog\/wp-content\/uploads\/2024\/08\/Los-elegir-textiles-en-verano-4.jpg 2000w, https:\/\/nonotu.com\/blog\/wp-content\/uploads\/2024\/08\/Los-elegir-textiles-en-verano-4-1280x1024.jpg 1280w, https:\/\/nonotu.com\/blog\/wp-content\/uploads\/2024\/08\/Los-elegir-textiles-en-verano-4-980x784.jpg 980w, https:\/\/nonotu.com\/blog\/wp-content\/uploads\/2024\/08\/Los-elegir-textiles-en-verano-4-480x384.jpg 480w\" sizes=\"(min-width: 0px) and (max-width: 480px) 480px, (min-width: 481px) and (max-width: 980px) 980px, (min-width: 981px) and (max-width: 1280px) 1280px, (min-width: 1281px) 2000px, 100vw\" \/><\/p>\n<h3 style=\"text-align: left\">Por \u00faltimo y lo m\u00e1s importante de todo, quiero hablarte de las ventajas que tiene, tanto para tu beb\u00e9 como para ti, que duerma con un saco de dormir<\/h3>\n<ul>\n<li>Con un saco de dormir tu beb\u00e9 se puede mover libremente por la cuna sin dejar de estar abrigado en ning\u00fan momento.<\/li>\n<li>Al sentirse recogido y tapado todo el rato, se despertar\u00e1 menos porque no sentir\u00e1 tanto los cambios de temperatura y t\u00fa podr\u00e1s dormir mejor tambi\u00e9n.<\/li>\n<li>Es una opci\u00f3n muy segura para tapar a tu beb\u00e9. Usando un saco de dormir evitas usar s\u00e1banas o colchas que puedan taparle la cara en alg\u00fan momento de la noche. Es fundamental evitar situaciones que impidan respirar bien a tu beb\u00e9 durante el tiempo que duerme y duermes.<\/li>\n<li>Es una inversi\u00f3n duradera ya que gracias a la versatilidad del tama\u00f1o y de la talla, lo vas a poder usar mucho tiempo.<\/li>\n<li>Es perfecto para usar tambi\u00e9n viajando y con un saco de dormir evitas llevar mucha ropa de cama. Con el saco en el grosor adecuado tu beb\u00e9 estar\u00e1 siempre bien tapado all\u00e1 donde vaya.<\/li>\n<li>Son f\u00e1ciles de lavar y puedes meterlos en la lavadora en programas de m\u00e1ximo 30 grados.<\/li>\n<\/ul>\n<p>&nbsp;<\/p>\n<p style=\"text-align: left\">Y ahora que lo sabes todo sobre nuestros sacos de dormir, \u00bfTe animas a probarlo? \ud83d\ude09 Te mando un abrazo fuerte y espero que este journal te haya servido para preparar la llegada de tu beb\u00e9 este oto\u00f1o.<\/p>\n<p>Mireia.<\/p>\n","protected":false},"excerpt":{"rendered":"<p>El verano est\u00e1 llegando a su fin y con la llegada del oto\u00f1o a la vuelta de la esquina, he querido preparar este journal para contarte todo sobre uno de los textiles que m\u00e1s utilizar\u00e1s y que m\u00e1s \u00fatiles me parecen cuando tienes un beb\u00e9 en las \u00e9pocas del a\u00f1o de fr\u00edo o entretiempo: un [&hellip;]<\/p>\n","protected":false},"author":2,"featured_media":1158,"comment_status":"open","ping_status":"open","sticky":false,"template":"","format":"standard","meta":{"inline_featured_image":false,"footnotes":""},"categories":[1,10],"tags":[],"class_list":["post-1157","post","type-post","status-publish","format-standard","has-post-thumbnail","hentry","category-futura-mama","category-lifestyle"],"_links":{"self":[{"href":"https:\/\/nonotu.com\/blog\/wp-json\/wp\/v2\/posts\/1157","targetHints":{"allow":["GET"]}}],"collection":[{"href":"https:\/\/nonotu.com\/blog\/wp-json\/wp\/v2\/posts"}],"about":[{"href":"https:\/\/nonotu.com\/blog\/wp-json\/wp\/v2\/types\/post"}],"author":[{"embeddable":true,"href":"https:\/\/nonotu.com\/blog\/wp-json\/wp\/v2\/users\/2"}],"replies":[{"embeddable":true,"href":"https:\/\/nonotu.com\/blog\/wp-json\/wp\/v2\/comments?post=1157"}],"version-history":[{"count":22,"href":"https:\/\/nonotu.com\/blog\/wp-json\/wp\/v2\/posts\/1157\/revisions"}],"predecessor-version":[{"id":1186,"href":"https:\/\/nonotu.com\/blog\/wp-json\/wp\/v2\/posts\/1157\/revisions\/1186"}],"wp:featuredmedia":[{"embeddable":true,"href":"https:\/\/nonotu.com\/blog\/wp-json\/wp\/v2\/media\/1158"}],"wp:attachment":[{"href":"https:\/\/nonotu.com\/blog\/wp-json\/wp\/v2\/media?parent=1157"}],"wp:term":[{"taxonomy":"category","embeddable":true,"href":"https:\/\/nonotu.com\/blog\/wp-json\/wp\/v2\/categories?post=1157"},{"taxonomy":"post_tag","embeddable":true,"href":"https:\/\/nonotu.com\/blog\/wp-json\/wp\/v2\/tags?post=1157"}],"curies":[{"name":"wp","href":"https:\/\/api.w.org\/{rel}","templated":true}]}}