{"id":1025,"date":"2024-03-16T08:10:33","date_gmt":"2024-03-16T08:10:33","guid":{"rendered":"https:\/\/nonotu.com\/blog\/?p=1025"},"modified":"2024-03-15T08:31:37","modified_gmt":"2024-03-15T08:31:37","slug":"la-respiracion-en-los-bebes","status":"publish","type":"post","link":"https:\/\/nonotu.com\/blog\/la-respiracion-en-los-bebes\/","title":{"rendered":"La respiraci\u00f3n y los mocos en los beb\u00e9s"},"content":{"rendered":"<p>El pasado d\u00eda 6 de Marzo estuve <a href=\"https:\/\/www.instagram.com\/reel\/C4LUOQfCSEI\/?igsh=MTEzejl4dDY2ejhmcg%3D%3D\">charlando en directo con \u00c1ngela Pascual<\/a> \u2013 fisioterapeuta pedi\u00e1trica especializada en respiraci\u00f3n &#8211; sobre un tema s\u00faper importante del que llevaba tiempo queriendo hablar: los mocos. S\u00ed, los mocos. Como lo oyes.<\/p>\n<p>Antes de ser madre no le prestaba demasiada atenci\u00f3n al tema de los mocos y a qu\u00e9 nos quieren decir cuando est\u00e1n ah\u00ed pero, cuando tuve a Telma, me di cuenta de lo important\u00edsimos que son y lo a\u00fan m\u00e1s importante que es para la salud de tu beb\u00e9 que sepas c\u00f3mo gestionarlos.<\/p>\n<p>En nuestra charla en directo hablamos de cosas tan \u00fatiles que he cre\u00eddo necesario resumirlo todo en este journal y dejar esta informaci\u00f3n al alcance de todes as\u00ed que, \u00a1All\u00e1 voy!<\/p>\n<p>El punto de partida de todo es <strong>la importancia de la respiraci\u00f3n nasal<\/strong>. Los seres humanos estamos dise\u00f1ados para que nuestra forma \u00f3ptima y saludable de respirar sea esa pero la realidad es que se nos van poniendo obst\u00e1culos en el camino (como los mocos u otras aflicciones) y terminamos convirtiendo en h\u00e1bito el respirar por la boca en vez de por la nariz.<\/p>\n<p>Sin embargo, la respiraci\u00f3n nasal no es mejor porque s\u00ed. Tiene numerosos beneficios a nivel inmunol\u00f3gico, f\u00edsico y postural y por eso es prioritario que, en la medida de lo posible, le facilites el camino a tu beb\u00e9 para que tenga la mejor respiraci\u00f3n nasal posible. Y esto significa lidiar con los mocos.<\/p>\n<h2><strong>\u00bfQu\u00e9 son los mocos?<\/strong><\/h2>\n<p>Por tonta que parezca la pregunta, es posible que no sepas exactamente lo que son y para qu\u00e9 sirven los mocos. Como otras muchas sustancias de tu cuerpo, los mocos son la sustancia que nutre nuestras mucosas y tienen una funci\u00f3n principalmente inmunol\u00f3gica. Es una sustancia amiga y una forma m\u00e1s que tiene el cuerpo de decirnos c\u00f3mo est\u00e1.<\/p>\n<p>En el caso de los mocos de la nariz, son mocos que responden a lo que est\u00e1 pasando en el exterior y seg\u00fan su color y densidad, nos indica una cosa u otra. Podr\u00eda decirse, a modo de s\u00faper resumen, que el moco responde a dos causas principales: virus y alergias.<\/p>\n<p>Como ya sabr\u00e1s, los beb\u00e9s (y los ni\u00f1os en general) est\u00e1n en constante trabajo inmunol\u00f3gico y por lo tanto es normal que, de base, tengan m\u00e1s mocos que los adultos. Estos mocos, adem\u00e1s, sufren su propia evoluci\u00f3n seg\u00fan el momento y fase de ese trabajo inmunol\u00f3gico que est\u00e1 haciendo tu beb\u00e9 y es normal que empiecen siendo\u00a0 mocos m\u00e1s transparentes y acuosos y terminen evolucionando en unos m\u00e1s densos y verdes.<\/p>\n<h2><strong>Lavados nasales en beb\u00e9s <\/strong><\/h2>\n<p><strong>\u00a0<\/strong>Una forma de facilitar que tu beb\u00e9 respire mejor es con los lavados nasales con suero. Lo m\u00e1s importante es siempre el bienestar del beb\u00e9 y por eso, si ves que tener mocos le entorpece y le genera dificultades para comer y dormir, es el momento de hacer un lavado.<\/p>\n<p><em><strong>Qu\u00e9 tipo de lavado nasal hacer a beb\u00e9s entre 0 y 6 meses:<\/strong><strong>\u00a0<\/strong><\/em><\/p>\n<ul>\n<li><u>Para mocos secos:<\/u> Este lavado prioriza la hidrataci\u00f3n m\u00e1s que el arrastre de moco en s\u00ed y es perfecto cuando tu beb\u00e9 tiene mocos secos. Lo puedes hacer con un spray nasal suave indicado para beb\u00e9s.<\/li>\n<\/ul>\n<ul>\n<li><u>Para mocos m\u00e1s densos:<\/u> Este lavado prioriza sobre todo el arrastre de esos mocos m\u00e1s espesos que est\u00e1n muy atr\u00e1s. La forma ideal de hacerlo es con una jeringuilla y un dispositivo nasal como el de Aluneb.<\/li>\n<\/ul>\n<p>La <strong>postura m\u00e1s segura para hacer cualquier tipo de lavado<\/strong> es con el beb\u00e9 sentado en nuestro regazo, mirando hacia el frente, con la cabeza ligeramente inclinada hacia abajo para proteger el t\u00edmpano y la boquita un poco abierta.<\/p>\n<p>En cuanto a la <strong>frecuencia<\/strong>, a partir de los 6 meses (o cuando empiecen a ir a la guarder\u00eda), es recomendable hacer <strong>1 lavado al d\u00eda a modo de prevenci\u00f3n<\/strong>.<\/p>\n<p>Si puntualmente tu beb\u00e9 tiene mucho moco, m\u00e1s denso, y est\u00e1 atravesando una fase gripal, es recomendable que hagas <strong>2 lavados al d\u00eda. <\/strong>El <strong>momento del d\u00eda<\/strong> en el que hacerlos tambi\u00e9n es importante y, dado que el beb\u00e9 tiene que hacer una gesti\u00f3n del moco tras el lavado, es recomendable que se lo hagas, al menos, media hora antes de dormir e idealmente 1 hora antes por lo menos.<\/p>\n<p>Un indicativo de que has hecho bien el lavado y de que ha sido eficaz es ver que hay m\u00e1s respiraci\u00f3n nasal que oral y mayor despeje en general. Para esto tambi\u00e9n es importante fijarse en c\u00f3mo est\u00e1 la boca de tu beb\u00e9 cuando est\u00e1 en reposo. Si est\u00e1 cerrada y no necesita abrirla para respirar es que los lavados est\u00e1n funcionando.<\/p>\n<p>&nbsp;<\/p>\n<p><img loading=\"lazy\" decoding=\"async\" class=\"aligncenter wp-image-1030 size-full\" src=\"https:\/\/nonotu.com\/blog\/wp-content\/uploads\/2024\/03\/Foto-portada-6.png\" alt=\"\" width=\"1920\" height=\"1080\" srcset=\"https:\/\/nonotu.com\/blog\/wp-content\/uploads\/2024\/03\/Foto-portada-6.png 1920w, https:\/\/nonotu.com\/blog\/wp-content\/uploads\/2024\/03\/Foto-portada-6-1280x720.png 1280w, https:\/\/nonotu.com\/blog\/wp-content\/uploads\/2024\/03\/Foto-portada-6-980x551.png 980w, https:\/\/nonotu.com\/blog\/wp-content\/uploads\/2024\/03\/Foto-portada-6-480x270.png 480w\" sizes=\"(min-width: 0px) and (max-width: 480px) 480px, (min-width: 481px) and (max-width: 980px) 980px, (min-width: 981px) and (max-width: 1280px) 1280px, (min-width: 1281px) 1920px, 100vw\" \/><\/p>\n<h2><\/h2>\n<h2><strong>Qu\u00e9 tipo de suero usar seg\u00fan el moco de tu beb\u00e9<\/strong><\/h2>\n<p>Los lavados se hacen principalmente con sueros pero no todos son iguales ni sirven para todas las circunstancias. La tonicidad del suero la marca su contenido en sales y puede ser mayor o menor. En este caso puedes hacer un <strong>lavado nasal isot\u00f3nico<\/strong> o un <strong>lavado nasal hipert\u00f3nico.<\/strong><\/p>\n<ul>\n<li>Un <strong>suero isot\u00f3nico<\/strong> al 0.9% es, por as\u00ed decirlo, un suero normal, de uso diario, perfecto para los mocos secos del beb\u00e9.<\/li>\n<li>Un <strong>suero hipert\u00f3nico<\/strong> al 3% tiene un mayor contenido en sales y suele incluir adem\u00e1s \u00e1cido hialur\u00f3nico. Est\u00e1 indicado para esas ocasiones en las que el moco del beb\u00e9 es m\u00e1s denso y es necesario arrastrar e hidratar m\u00e1s. Este tipo de suero es para un uso puntual.<\/li>\n<\/ul>\n<h2><strong>Cu\u00e1ndo acudir a un m\u00e9dico especializado<\/strong><\/h2>\n<p><strong>\u00a0<\/strong>Una pregunta importante que surgi\u00f3 en el directo fue \u00e9sta y la respuesta de \u00c1ngela me pareci\u00f3 perfecta: <strong>cuando tu instinto de madre se active. <\/strong>Si a\u00fan no has tenido tu beb\u00e9 igual esta respuesta de asusta porque no has llegado a sentir lo que es pero, seguro, has sentido la llamada de la intuici\u00f3n en otras circunstancias de la vida. Este instinto es un poco parecido.<\/p>\n<p>\u00c1ngela, adem\u00e1s, recomend\u00f3 acudir al m\u00e9dico cuando haya mucha, mucha congesti\u00f3n e incluso la expulsi\u00f3n de moco sea tambi\u00e9n por los ojos, por ejemplo. Tambi\u00e9n es importante <strong>prestarle atenci\u00f3n a la tos<\/strong> pues, seg\u00fan sea, nos indica c\u00f3mo est\u00e1 el pecho del beb\u00e9.<\/p>\n<ul>\n<li>Si la tos es productiva significa que est\u00e1 haciendo por expulsar el moco y no deber\u00eda ser alarmante.<\/li>\n<li>Si la tos es seca y no es de garganta, es importante que acudas al m\u00e9dico. Tambi\u00e9n si es una tos que entorpece el sue\u00f1o.<\/li>\n<\/ul>\n<p>Y hasta aqu\u00ed el resumen del directo s\u00faper informativo que hice con \u00c1ngela. Espero que todo eso os sea de utilidad y, si no tuviste tiempo o no pudiste ver el directo y te apetece, lo tenemos colgado en <a href=\"https:\/\/www.instagram.com\/nonotu_\/\">nuestro perfil de Instagram<\/a>.<\/p>\n<p>Un abrazo fuerte,<\/p>\n<p>Mireia.<\/p>\n","protected":false},"excerpt":{"rendered":"<p>El pasado d\u00eda 6 de Marzo estuve charlando en directo con \u00c1ngela Pascual \u2013 fisioterapeuta pedi\u00e1trica especializada en respiraci\u00f3n &#8211; sobre un tema s\u00faper importante del que llevaba tiempo queriendo hablar: los mocos. S\u00ed, los mocos. Como lo oyes. Antes de ser madre no le prestaba demasiada atenci\u00f3n al tema de los mocos y a [&hellip;]<\/p>\n","protected":false},"author":2,"featured_media":1026,"comment_status":"open","ping_status":"open","sticky":false,"template":"","format":"standard","meta":{"inline_featured_image":false,"footnotes":""},"categories":[1,10],"tags":[],"class_list":["post-1025","post","type-post","status-publish","format-standard","has-post-thumbnail","hentry","category-futura-mama","category-lifestyle"],"_links":{"self":[{"href":"https:\/\/nonotu.com\/blog\/wp-json\/wp\/v2\/posts\/1025","targetHints":{"allow":["GET"]}}],"collection":[{"href":"https:\/\/nonotu.com\/blog\/wp-json\/wp\/v2\/posts"}],"about":[{"href":"https:\/\/nonotu.com\/blog\/wp-json\/wp\/v2\/types\/post"}],"author":[{"embeddable":true,"href":"https:\/\/nonotu.com\/blog\/wp-json\/wp\/v2\/users\/2"}],"replies":[{"embeddable":true,"href":"https:\/\/nonotu.com\/blog\/wp-json\/wp\/v2\/comments?post=1025"}],"version-history":[{"count":7,"href":"https:\/\/nonotu.com\/blog\/wp-json\/wp\/v2\/posts\/1025\/revisions"}],"predecessor-version":[{"id":1034,"href":"https:\/\/nonotu.com\/blog\/wp-json\/wp\/v2\/posts\/1025\/revisions\/1034"}],"wp:featuredmedia":[{"embeddable":true,"href":"https:\/\/nonotu.com\/blog\/wp-json\/wp\/v2\/media\/1026"}],"wp:attachment":[{"href":"https:\/\/nonotu.com\/blog\/wp-json\/wp\/v2\/media?parent=1025"}],"wp:term":[{"taxonomy":"category","embeddable":true,"href":"https:\/\/nonotu.com\/blog\/wp-json\/wp\/v2\/categories?post=1025"},{"taxonomy":"post_tag","embeddable":true,"href":"https:\/\/nonotu.com\/blog\/wp-json\/wp\/v2\/tags?post=1025"}],"curies":[{"name":"wp","href":"https:\/\/api.w.org\/{rel}","templated":true}]}}